{"id":35414,"date":"2025-06-27T16:58:46","date_gmt":"2025-06-27T14:58:46","guid":{"rendered":"https:\/\/www.adescosa.com\/2025\/06\/adesco-s-a-participa-en-el-programa-30-plus\/"},"modified":"2025-06-30T12:35:17","modified_gmt":"2025-06-30T10:35:17","slug":"adesco-s-a-participa-en-el-programa-30-plus","status":"publish","type":"post","link":"https:\/\/www.adescosa.com\/ca\/2025\/06\/adesco-s-a-participa-en-el-programa-30-plus\/","title":{"rendered":"ADESCO, S.A. participa en el Programa 30 Plus"},"content":{"rendered":"\n<p>En el marc de la convocat\u00f2ria 2025 del Servei P\u00fablic d\u2019Ocupaci\u00f3 de Catalunya, ADESCO, S.A. ha rebut una subvenci\u00f3 per a la contractaci\u00f3 de persones desocupades de 30 anys o m\u00e9s, a trav\u00e9s del Programa SOC\u201330 Plus, amb l\u2019objectiu de promoure la inserci\u00f3 laboral i la formaci\u00f3 en el lloc de treball.<\/p>\n\n<p>Aquesta actuaci\u00f3 est\u00e0 subvencionada pel Servei P\u00fablic d\u2019Ocupaci\u00f3 de Catalunya amb el suport del Ministerio de Trabajo y Econom\u00eda Social.<\/p>\n\n<div class=\"wp-block-columns is-layout-flex wp-container-core-columns-is-layout-9d6595d7 wp-block-columns-is-layout-flex\">\n<div class=\"wp-block-column is-layout-flow wp-block-column-is-layout-flow\" style=\"flex-basis:70%\">\n<figure class=\"wp-block-image size-full is-resized\"><img loading=\"lazy\" decoding=\"async\" width=\"535\" height=\"94\" src=\"https:\/\/www.adescosa.com\/wp-content\/uploads\/2025\/06\/logo-soc.png\" alt=\"\" class=\"wp-image-35399\" style=\"width:393px;height:auto\" title=\"\" srcset=\"https:\/\/www.adescosa.com\/wp-content\/uploads\/2025\/06\/logo-soc.png 535w, https:\/\/www.adescosa.com\/wp-content\/uploads\/2025\/06\/logo-soc-480x84.png 480w\" sizes=\"(min-width: 0px) and (max-width: 480px) 480px, (min-width: 481px) 535px, 100vw\" \/><\/figure>\n<\/div>\n\n\n\n<div class=\"wp-block-column is-layout-flow wp-block-column-is-layout-flow\" style=\"flex-basis:33%\">\n<figure class=\"wp-block-image size-large is-resized\"><img loading=\"lazy\" decoding=\"async\" width=\"1024\" height=\"288\" src=\"https:\/\/www.adescosa.com\/wp-content\/uploads\/2025\/06\/logotipo-del-ministerio-de-trabajo-y-economia-socialsvg-1024x288.png\" alt=\"\" class=\"wp-image-35403\" style=\"width:391px;height:auto\" title=\"\" srcset=\"https:\/\/www.adescosa.com\/wp-content\/uploads\/2025\/06\/logotipo-del-ministerio-de-trabajo-y-economia-socialsvg-980x275.png 980w, https:\/\/www.adescosa.com\/wp-content\/uploads\/2025\/06\/logotipo-del-ministerio-de-trabajo-y-economia-socialsvg-480x135.png 480w\" sizes=\"(min-width: 0px) and (max-width: 480px) 480px, (min-width: 481px) and (max-width: 980px) 980px, (min-width: 981px) 1024px, 100vw\" \/><\/figure>\n<\/div>\n<\/div>\n","protected":false},"excerpt":{"rendered":"<p>En el marc de la convocat\u00f2ria 2025 del Servei P\u00fablic d\u2019Ocupaci\u00f3 de Catalunya, ADESCO, S.A. ha rebut una subvenci\u00f3 per a la contractaci\u00f3 de persones desocupades de 30 anys o m\u00e9s, a trav\u00e9s del Programa SOC\u201330 Plus, amb l\u2019objectiu de promoure la inserci\u00f3 laboral i la formaci\u00f3 en el lloc de treball. Aquesta actuaci\u00f3 est\u00e0 [&hellip;]<\/p>\n","protected":false},"author":380,"featured_media":35408,"comment_status":"closed","ping_status":"closed","sticky":false,"template":"","format":"standard","meta":{"_et_pb_use_builder":"off","_et_pb_old_content":"","_et_gb_content_width":"","footnotes":""},"categories":[11],"tags":[],"class_list":["post-35414","post","type-post","status-publish","format-standard","has-post-thumbnail","hentry","category-uncategorized-ca"],"_links":{"self":[{"href":"https:\/\/www.adescosa.com\/ca\/wp-json\/wp\/v2\/posts\/35414","targetHints":{"allow":["GET"]}}],"collection":[{"href":"https:\/\/www.adescosa.com\/ca\/wp-json\/wp\/v2\/posts"}],"about":[{"href":"https:\/\/www.adescosa.com\/ca\/wp-json\/wp\/v2\/types\/post"}],"author":[{"embeddable":true,"href":"https:\/\/www.adescosa.com\/ca\/wp-json\/wp\/v2\/users\/380"}],"replies":[{"embeddable":true,"href":"https:\/\/www.adescosa.com\/ca\/wp-json\/wp\/v2\/comments?post=35414"}],"version-history":[{"count":0,"href":"https:\/\/www.adescosa.com\/ca\/wp-json\/wp\/v2\/posts\/35414\/revisions"}],"wp:featuredmedia":[{"embeddable":true,"href":"https:\/\/www.adescosa.com\/ca\/wp-json\/wp\/v2\/media\/35408"}],"wp:attachment":[{"href":"https:\/\/www.adescosa.com\/ca\/wp-json\/wp\/v2\/media?parent=35414"}],"wp:term":[{"taxonomy":"category","embeddable":true,"href":"https:\/\/www.adescosa.com\/ca\/wp-json\/wp\/v2\/categories?post=35414"},{"taxonomy":"post_tag","embeddable":true,"href":"https:\/\/www.adescosa.com\/ca\/wp-json\/wp\/v2\/tags?post=35414"}],"curies":[{"name":"wp","href":"https:\/\/api.w.org\/{rel}","templated":true}]}}